{"id":121,"date":"2005-12-23T06:16:49","date_gmt":"2005-12-23T06:16:49","guid":{"rendered":"http:\/\/jul.blogsome.com\/2005\/12\/23\/dan-fore-dopparedan-23-dec\/"},"modified":"2005-12-23T06:16:49","modified_gmt":"2005-12-23T06:16:49","slug":"dan-fore-dopparedan-23-dec","status":"publish","type":"post","link":"https:\/\/julbloggen.contigo.se\/?p=121","title":{"rendered":"Dan f\u00f6re dopparedan!"},"content":{"rendered":"<p>Ja, s\u00e5 imorgon h\u00e4nder det. Det <em>Magiska<\/em>. Det <em>Underbara<\/em>.<br \/>\nNi vet alla vad jag menar.<br \/>\n<strong>Julen st\u00e5r vid v\u00e5r d\u00f6rr och sparkar av sig sn\u00f6n!<\/strong><\/p>\n<p>Jag hoppas att ni alla f\u00e5r en riktigt bra julafton.<br \/>\nTa vara p\u00e5 era n\u00e4ra och k\u00e4ra. S\u00e4g upp era tvister, f\u00f6r julen \u00e4r en tid av f\u00f6rl\u00e5telse.<br \/>\nJag vill inte l\u00e5ta som n\u00e5gon pr\u00e4st, men julen \u00e4r en tid som borde hyllas, f\u00f6r det \u00e4r sj\u00e4lva tanken som r\u00e4knas. Jag struntar i om ni \u00e4r muslimer, kristna, buddhister, osv, men julen kan firas av alla. So what om det ligger ett jesusbarn i krubban, det viktiga \u00e4r att man spenderar en trevlig dag tillsammans med sin familj och sina v\u00e4nner, och om man inte har n\u00e5gra, firar den \u00e4nd\u00e5.<\/p>\n<p>T\u00e4nk \u00f6ver det ;)<\/p>\n","protected":false},"excerpt":{"rendered":"<p>Ja, s\u00e5 imorgon h\u00e4nder det. Det Magiska. Det Underbara. Ni vet alla vad jag menar. Julen st\u00e5r vid v\u00e5r d\u00f6rr och sparkar av sig sn\u00f6n! Jag hoppas att ni alla f\u00e5r en riktigt bra julafton. Ta vara p\u00e5 era n\u00e4ra &hellip; <a href=\"https:\/\/julbloggen.contigo.se\/?p=121\">L\u00e4s mer <span class=\"meta-nav\">&rarr;<\/span><\/a><\/p>\n","protected":false},"author":1,"featured_media":0,"comment_status":"open","ping_status":"open","sticky":false,"template":"","format":"standard","meta":[],"categories":[8],"tags":[],"_links":{"self":[{"href":"https:\/\/julbloggen.contigo.se\/index.php?rest_route=\/wp\/v2\/posts\/121"}],"collection":[{"href":"https:\/\/julbloggen.contigo.se\/index.php?rest_route=\/wp\/v2\/posts"}],"about":[{"href":"https:\/\/julbloggen.contigo.se\/index.php?rest_route=\/wp\/v2\/types\/post"}],"author":[{"embeddable":true,"href":"https:\/\/julbloggen.contigo.se\/index.php?rest_route=\/wp\/v2\/users\/1"}],"replies":[{"embeddable":true,"href":"https:\/\/julbloggen.contigo.se\/index.php?rest_route=%2Fwp%2Fv2%2Fcomments&post=121"}],"version-history":[{"count":0,"href":"https:\/\/julbloggen.contigo.se\/index.php?rest_route=\/wp\/v2\/posts\/121\/revisions"}],"wp:attachment":[{"href":"https:\/\/julbloggen.contigo.se\/index.php?rest_route=%2Fwp%2Fv2%2Fmedia&parent=121"}],"wp:term":[{"taxonomy":"category","embeddable":true,"href":"https:\/\/julbloggen.contigo.se\/index.php?rest_route=%2Fwp%2Fv2%2Fcategories&post=121"},{"taxonomy":"post_tag","embeddable":true,"href":"https:\/\/julbloggen.contigo.se\/index.php?rest_route=%2Fwp%2Fv2%2Ftags&post=121"}],"curies":[{"name":"wp","href":"https:\/\/api.w.org\/{rel}","templated":true}]}}