{"id":119,"date":"2005-12-17T08:04:06","date_gmt":"2005-12-17T08:04:06","guid":{"rendered":"http:\/\/jul.blogsome.com\/2005\/12\/17\/till-mina-kara-lasare\/"},"modified":"2005-12-17T08:04:06","modified_gmt":"2005-12-17T08:04:06","slug":"till-mina-kara-lasare","status":"publish","type":"post","link":"https:\/\/julbloggen.contigo.se\/?p=119","title":{"rendered":"Till mina k\u00e4ra l\u00e4sare!"},"content":{"rendered":"<p>Idag, l\u00f6rdag, \u00e5ker jag till \u00c5re med farmor och I f\u00f6r att \u00e5ka skidor (fast snowboard f\u00f6r I).<br \/>\nSn\u00e4ll som jag \u00e4r s\u00e5 t\u00e4nker jag uppdatera bloggen s\u00e5 gott det g\u00e5r \u00e4nd\u00e5!<br \/>\nDet ska bli kul att \u00e5ka skidor, jag \u00e4lskar verkligen det. Jag \u00e4r faktiskt r\u00e4tt bra p\u00e5 det, det \u00e4r P som har l\u00e4rt mig. Han \u00e4r j\u00e4ttebra p\u00e5 skidor!<img decoding=\"async\" src=\"https:\/\/images.google.se\/images?q=tbn:G8EwSvdv-sEJ:media.popularmechanics.comhttps:\/\/julbloggmedia.contigo.se\/2011\/11\/skis-lg.jpg\" alt=\"Skidor\" \/ align=\"right\" haspce=\"3\" vspace=\"3\"\/><br \/>\nI hoppar n\u00e4stan upp och ner f\u00f6r att hon ser s\u00e5 mycket fram emot att \u00e5ka, hon \u00e4lskar verkligen sin snowboard. Nu \u00e4r det n\u00e4stan ett \u00e5r sen vi \u00e5kte sist, s\u00e5 inte undra p\u00e5 det.<br \/>\nVi ska stanna d\u00e4r en vecka, vilket betyder att (ve och fasa!) vi \u00e4r d\u00e4r p\u00e5 julafton!<br \/>\nSom tur \u00e4r s\u00e5 ska vi faktiskt \u00e5ka d\u00e4rifr\u00e5n tidigt p\u00e5 morgonen, s\u00e5 vi kommer tillbaka n\u00e5gon g\u00e5ng p\u00e5 eftermiddagen. Det tar ungef\u00e4r 8 timmar Stockholm &#8211; \u00c5re.<br \/>\nMen det viktigaste \u00e4r att vi f\u00e5r fira jul hemma!<br \/>\nF\u00f6rra \u00e5ret gjorde vi faktiskt inte det, utan jag, I och P var och \u00e5kte skidor d\u00e5 ocks\u00e5, men vi \u00e5kte hem p\u00e5 juldagen.<br \/>\nMen som tur var, firade vi julafton n\u00e4r vi kom hem ist\u00e4llet.<\/p>\n<p>Men iallafall s\u00e5 ska jag f\u00f6rs\u00f6ka uppdatera bloggen s\u00e5 ofta som m\u00f6jligt!<br \/>\nAllt f\u00f6r er skull! ;)<\/p>\n","protected":false},"excerpt":{"rendered":"<p>Idag, l\u00f6rdag, \u00e5ker jag till \u00c5re med farmor och I f\u00f6r att \u00e5ka skidor (fast snowboard f\u00f6r I). Sn\u00e4ll som jag \u00e4r s\u00e5 t\u00e4nker jag uppdatera bloggen s\u00e5 gott det g\u00e5r \u00e4nd\u00e5! Det ska bli kul att \u00e5ka skidor, jag &hellip; <a href=\"https:\/\/julbloggen.contigo.se\/?p=119\">L\u00e4s mer <span class=\"meta-nav\">&rarr;<\/span><\/a><\/p>\n","protected":false},"author":1,"featured_media":0,"comment_status":"open","ping_status":"open","sticky":false,"template":"","format":"standard","meta":[],"categories":[3,13],"tags":[],"_links":{"self":[{"href":"https:\/\/julbloggen.contigo.se\/index.php?rest_route=\/wp\/v2\/posts\/119"}],"collection":[{"href":"https:\/\/julbloggen.contigo.se\/index.php?rest_route=\/wp\/v2\/posts"}],"about":[{"href":"https:\/\/julbloggen.contigo.se\/index.php?rest_route=\/wp\/v2\/types\/post"}],"author":[{"embeddable":true,"href":"https:\/\/julbloggen.contigo.se\/index.php?rest_route=\/wp\/v2\/users\/1"}],"replies":[{"embeddable":true,"href":"https:\/\/julbloggen.contigo.se\/index.php?rest_route=%2Fwp%2Fv2%2Fcomments&post=119"}],"version-history":[{"count":0,"href":"https:\/\/julbloggen.contigo.se\/index.php?rest_route=\/wp\/v2\/posts\/119\/revisions"}],"wp:attachment":[{"href":"https:\/\/julbloggen.contigo.se\/index.php?rest_route=%2Fwp%2Fv2%2Fmedia&parent=119"}],"wp:term":[{"taxonomy":"category","embeddable":true,"href":"https:\/\/julbloggen.contigo.se\/index.php?rest_route=%2Fwp%2Fv2%2Fcategories&post=119"},{"taxonomy":"post_tag","embeddable":true,"href":"https:\/\/julbloggen.contigo.se\/index.php?rest_route=%2Fwp%2Fv2%2Ftags&post=119"}],"curies":[{"name":"wp","href":"https:\/\/api.w.org\/{rel}","templated":true}]}}