{"id":113,"date":"2005-12-13T14:38:42","date_gmt":"2005-12-13T14:38:42","guid":{"rendered":"http:\/\/jul.blogsome.com\/2005\/12\/13\/min-familj\/"},"modified":"2005-12-13T14:38:42","modified_gmt":"2005-12-13T14:38:42","slug":"min-familj","status":"publish","type":"post","link":"https:\/\/julbloggen.contigo.se\/?p=113","title":{"rendered":"Min familj"},"content":{"rendered":"<p>N\u00e4r jag h\u00f6ll p\u00e5 att skriva ett inl\u00e4gg h\u00e4romdan s\u00e5 kom jag p\u00e5 att jag inte har ber\u00e4ttat vilka min familj best\u00e5r av.<br \/>\nS\u00e5 nu g\u00f6r jag det.<\/p>\n<p>F\u00f6rst och fr\u00e4mst \u00e4r det d\u00e5 jag, Julia! Jag \u00e4r yngst i hela familjen, bara 13 \u00e5r.<br \/>\nSen \u00e4r det min storasyster I, som \u00e4r 16 \u00e5r. Storebror m som \u00e4r 18 \u00e5r, och storebror M som \u00e4r 22 \u00e5r och inte bor hemma, utan med sin flickv\u00e4n.<br \/>\nSen \u00e4r det ju d\u00e5 A &#038; P, f\u00f6r\u00e4ldrarna. Dom \u00e4r b\u00e5da 43 \u00e5r.<\/p>\n<p>Jag har en farmor, som bor tillsammans med sin sambo. Sen har jag en mormor. En farfar som bor tillsammans med sin sambo. En morfar som bor tillsammans med sin fru.<br \/>\nOch en faster, en morbror och tre kusiner.<\/p>\n<p>Inga husdjur nu f\u00f6r tiden, men f\u00f6rut hade vi en massa kaniner (ett or\u00e4kneligt antal) och en katt som trodde att han var en kanin.<br \/>\nSen har vi kortvariga perioder haft tv\u00e5 kattungar (som inte trodde att dom var kaniner), och en annan g\u00e5ng en orm. Ormen f\u00f6rvarade I \u00e5t hennes skola \u00f6ver sommarlovet, och kattungarna kunde vi inte ha kvar eftersom <a href=\"https:\/\/annas.blogsome.com\/2005\/10\/16\/ett-oga-jatterott\/\" target=\"_blank\">A \u00e4r p\u00e4lsdjursallergiker<\/a>.<\/p>\n<p>Och det var min familj.<\/p>\n","protected":false},"excerpt":{"rendered":"<p>N\u00e4r jag h\u00f6ll p\u00e5 att skriva ett inl\u00e4gg h\u00e4romdan s\u00e5 kom jag p\u00e5 att jag inte har ber\u00e4ttat vilka min familj best\u00e5r av. S\u00e5 nu g\u00f6r jag det. F\u00f6rst och fr\u00e4mst \u00e4r det d\u00e5 jag, Julia! Jag \u00e4r yngst i &hellip; <a href=\"https:\/\/julbloggen.contigo.se\/?p=113\">L\u00e4s mer <span class=\"meta-nav\">&rarr;<\/span><\/a><\/p>\n","protected":false},"author":1,"featured_media":0,"comment_status":"open","ping_status":"open","sticky":false,"template":"","format":"standard","meta":[],"categories":[13],"tags":[],"_links":{"self":[{"href":"https:\/\/julbloggen.contigo.se\/index.php?rest_route=\/wp\/v2\/posts\/113"}],"collection":[{"href":"https:\/\/julbloggen.contigo.se\/index.php?rest_route=\/wp\/v2\/posts"}],"about":[{"href":"https:\/\/julbloggen.contigo.se\/index.php?rest_route=\/wp\/v2\/types\/post"}],"author":[{"embeddable":true,"href":"https:\/\/julbloggen.contigo.se\/index.php?rest_route=\/wp\/v2\/users\/1"}],"replies":[{"embeddable":true,"href":"https:\/\/julbloggen.contigo.se\/index.php?rest_route=%2Fwp%2Fv2%2Fcomments&post=113"}],"version-history":[{"count":0,"href":"https:\/\/julbloggen.contigo.se\/index.php?rest_route=\/wp\/v2\/posts\/113\/revisions"}],"wp:attachment":[{"href":"https:\/\/julbloggen.contigo.se\/index.php?rest_route=%2Fwp%2Fv2%2Fmedia&parent=113"}],"wp:term":[{"taxonomy":"category","embeddable":true,"href":"https:\/\/julbloggen.contigo.se\/index.php?rest_route=%2Fwp%2Fv2%2Fcategories&post=113"},{"taxonomy":"post_tag","embeddable":true,"href":"https:\/\/julbloggen.contigo.se\/index.php?rest_route=%2Fwp%2Fv2%2Ftags&post=113"}],"curies":[{"name":"wp","href":"https:\/\/api.w.org\/{rel}","templated":true}]}}