{"id":109,"date":"2005-11-29T20:04:33","date_gmt":"2005-11-29T20:04:33","guid":{"rendered":"http:\/\/jul.blogsome.com\/2005\/11\/29\/tomte-masker\/"},"modified":"2005-11-29T20:04:33","modified_gmt":"2005-11-29T20:04:33","slug":"tomte-masker","status":"publish","type":"post","link":"https:\/\/julbloggen.contigo.se\/?p=109","title":{"rendered":"Tomte-masker"},"content":{"rendered":"<p>N\u00e4r jag var v\u00e4ldigt liten s\u00e5 firade vi jul uppe i n\u00e5gon svensk skidort, jag kommer inte ih\u00e5g vilken det var.<br \/>\nD\u00e5 hade M &#038; P hyrt en jultomte som skulle komma och dela ut presenterna. Det \u00e4r en mysig id\u00e9 n\u00e4r man \u00e4r liten, men nu n\u00e4r jag t\u00e4nker p\u00e5 det skulle jag faktiskt inte vilja ha n\u00e5gon fr\u00e4mling som kom in i huset och b\u00f6rjade styra och st\u00e4lla.<\/p>\n<p>Men i alla fall, s\u00e5 kom den h\u00e4r tomten d\u00e5.<br \/>\nOch herregud vad r\u00e4dd jag blev!<br \/>\nHan hade en v\u00e4ldigt trov\u00e4rdig tomtedr\u00e4kt, men masken var en s\u00e5n d\u00e4r som man t\u00e4nker sig en s\u00e5n d\u00e4r l\u00e4skig som log elakt och s\u00e5g ut som tomten hade blivit psyksjuk.<br \/>\nDessutom hade han ett sk\u00e4gg, som var gulaktigt och str\u00e5igt och man s\u00e5g sn\u00f6ret tydligt.<br \/>\n<img decoding=\"async\" src=\"https:\/\/www.thecostumer.com\/upload\/santa_mask_with_rooted_hair_beard.jpg\" alt=\"Inte lika l\u00e4skig som den jag s\u00e5g...\" \/><br \/>\nMen jag uppfattade honom nog som mycket l\u00e4skigare \u00e4n han i sj\u00e4lva verket var, ni vet hur man kan f\u00e5 f\u00f6r sig saker n\u00e4r man \u00e4r liten.<\/p>\n<p>Jag blev i alla fall j\u00e4tter\u00e4dd och satte mig bakom soffan.<br \/>\nSen kastade jag en sockerbit p\u00e5 honom f\u00f6r s\u00e4kerhets skull.<\/p>\n<p>Som tur var m\u00e4rkte han det inte. Till min stora l\u00e4ttnad nu n\u00e4r jag \u00e4r lite \u00e4ldre.<\/p>\n<p>Har ni n\u00e5got minne av en tomte, bra eller d\u00e5ligt, som ni k\u00e4nner att ni vill dela?<\/p>\n","protected":false},"excerpt":{"rendered":"<p>N\u00e4r jag var v\u00e4ldigt liten s\u00e5 firade vi jul uppe i n\u00e5gon svensk skidort, jag kommer inte ih\u00e5g vilken det var. D\u00e5 hade M &#038; P hyrt en jultomte som skulle komma och dela ut presenterna. Det \u00e4r en mysig &hellip; <a href=\"https:\/\/julbloggen.contigo.se\/?p=109\">L\u00e4s mer <span class=\"meta-nav\">&rarr;<\/span><\/a><\/p>\n","protected":false},"author":1,"featured_media":0,"comment_status":"open","ping_status":"open","sticky":false,"template":"","format":"standard","meta":[],"categories":[14],"tags":[],"_links":{"self":[{"href":"https:\/\/julbloggen.contigo.se\/index.php?rest_route=\/wp\/v2\/posts\/109"}],"collection":[{"href":"https:\/\/julbloggen.contigo.se\/index.php?rest_route=\/wp\/v2\/posts"}],"about":[{"href":"https:\/\/julbloggen.contigo.se\/index.php?rest_route=\/wp\/v2\/types\/post"}],"author":[{"embeddable":true,"href":"https:\/\/julbloggen.contigo.se\/index.php?rest_route=\/wp\/v2\/users\/1"}],"replies":[{"embeddable":true,"href":"https:\/\/julbloggen.contigo.se\/index.php?rest_route=%2Fwp%2Fv2%2Fcomments&post=109"}],"version-history":[{"count":0,"href":"https:\/\/julbloggen.contigo.se\/index.php?rest_route=\/wp\/v2\/posts\/109\/revisions"}],"wp:attachment":[{"href":"https:\/\/julbloggen.contigo.se\/index.php?rest_route=%2Fwp%2Fv2%2Fmedia&parent=109"}],"wp:term":[{"taxonomy":"category","embeddable":true,"href":"https:\/\/julbloggen.contigo.se\/index.php?rest_route=%2Fwp%2Fv2%2Fcategories&post=109"},{"taxonomy":"post_tag","embeddable":true,"href":"https:\/\/julbloggen.contigo.se\/index.php?rest_route=%2Fwp%2Fv2%2Ftags&post=109"}],"curies":[{"name":"wp","href":"https:\/\/api.w.org\/{rel}","templated":true}]}}