{"id":100,"date":"2005-12-01T11:44:06","date_gmt":"2005-12-01T11:44:06","guid":{"rendered":"http:\/\/jul.blogsome.com\/2005\/12\/01\/i-var-familj\/"},"modified":"2005-12-01T11:44:06","modified_gmt":"2005-12-01T11:44:06","slug":"i-var-familj","status":"publish","type":"post","link":"https:\/\/julbloggen.contigo.se\/?p=100","title":{"rendered":"I v\u00e5r familj&#8230;"},"content":{"rendered":"<p>Nu t\u00e4nkte jag ber\u00e4tta lite om hur min familj brukar fira julaftonen.<br \/>\nDagen innan har vi kl\u00e4tt granen och pyntat lite allm\u00e4nt.<br \/>\nVi vaknar p\u00e5 morgonen och g\u00e5r ner. D\u00e4r har M pyntat fint med levande ljus, sm\u00e5 \u00e4nglar, stj\u00e4rnor och s\u00e5nt d\u00e4r krims-krams. Det \u00e4r j\u00e4ttemysigt.<br \/>\nD\u00e4r finns ocks\u00e5 v\u00e5ra julstrumpor i bl\u00e5 sammet med en liten \u00f6verraskning i.<img src='https:\/\/julbloggmedia.contigo.se\/2011\/11\/julstrumpan.gif' alt='Julstrumpan' \/ align=\"right\" hspace=\"3\" vspace=\"3\"\/><\/p>\n<p>Sen \u00e4ter vi frukost tillsammans (vilket vi annars aldrig g\u00f6r eftersom vi \u00e4r 5 personer som bor hemma), och d\u00e5 \u00e4ter vi s\u00e5klart tomtegr\u00f6t. Vi har ocks\u00e5 mandel i, men det \u00e4r inget speciellt som h\u00e4nder den som f\u00e5r mandeln, det \u00e4r mest bara f\u00f6r kuls skull.<br \/>\nSen har vi en allm\u00e4nt mysig morgon och f\u00f6rmiddag tillsammans.<\/p>\n<p>Lite senare, vid eftermiddagen \u00e5ker vi till\/kommer sl\u00e4kten (oftast \u00e4r det vi som \u00e5ker till v\u00e5ran farmor). D\u00e5 l\u00e4gger man alla presenter i en h\u00f6g p\u00e5 mattan och \u00e4ter en rej\u00e4l jullunch. Sen, n\u00e4r dom \u00e4ldre fortfarande sitter kvar vid bordet tittar jag p\u00e5 Kalle Anka. Ett tag efter det \u00e4r det presentutdelning. D\u00e5 brukar jag vara &#8221;nisse&#8221; och dela ut presenter till alla ifr\u00e5n h\u00f6gen.<br \/>\nSen pratar man och umg\u00e5s och har kul och sen \u00e4r det dags f\u00f6r sl\u00e4kten\/oss att \u00e5ka hem.<\/p>\n<p>P\u00e5 kv\u00e4llen s\u00e5 g\u00e5r alla och l\u00e4gger sig med tankarna fortfarande sv\u00e4vande kring den trevliga, mysiga och vackra julaftonen man haft.<\/p>\n","protected":false},"excerpt":{"rendered":"<p>Nu t\u00e4nkte jag ber\u00e4tta lite om hur min familj brukar fira julaftonen. Dagen innan har vi kl\u00e4tt granen och pyntat lite allm\u00e4nt. Vi vaknar p\u00e5 morgonen och g\u00e5r ner. D\u00e4r har M pyntat fint med levande ljus, sm\u00e5 \u00e4nglar, stj\u00e4rnor &hellip; <a href=\"https:\/\/julbloggen.contigo.se\/?p=100\">L\u00e4s mer <span class=\"meta-nav\">&rarr;<\/span><\/a><\/p>\n","protected":false},"author":1,"featured_media":0,"comment_status":"open","ping_status":"open","sticky":false,"template":"","format":"standard","meta":[],"categories":[11,7,5,13,4,8,6],"tags":[],"_links":{"self":[{"href":"https:\/\/julbloggen.contigo.se\/index.php?rest_route=\/wp\/v2\/posts\/100"}],"collection":[{"href":"https:\/\/julbloggen.contigo.se\/index.php?rest_route=\/wp\/v2\/posts"}],"about":[{"href":"https:\/\/julbloggen.contigo.se\/index.php?rest_route=\/wp\/v2\/types\/post"}],"author":[{"embeddable":true,"href":"https:\/\/julbloggen.contigo.se\/index.php?rest_route=\/wp\/v2\/users\/1"}],"replies":[{"embeddable":true,"href":"https:\/\/julbloggen.contigo.se\/index.php?rest_route=%2Fwp%2Fv2%2Fcomments&post=100"}],"version-history":[{"count":0,"href":"https:\/\/julbloggen.contigo.se\/index.php?rest_route=\/wp\/v2\/posts\/100\/revisions"}],"wp:attachment":[{"href":"https:\/\/julbloggen.contigo.se\/index.php?rest_route=%2Fwp%2Fv2%2Fmedia&parent=100"}],"wp:term":[{"taxonomy":"category","embeddable":true,"href":"https:\/\/julbloggen.contigo.se\/index.php?rest_route=%2Fwp%2Fv2%2Fcategories&post=100"},{"taxonomy":"post_tag","embeddable":true,"href":"https:\/\/julbloggen.contigo.se\/index.php?rest_route=%2Fwp%2Fv2%2Ftags&post=100"}],"curies":[{"name":"wp","href":"https:\/\/api.w.org\/{rel}","templated":true}]}}